
{"id":25332,"date":"2024-07-08T13:51:12","date_gmt":"2024-07-08T13:51:12","guid":{"rendered":"https:\/\/prograin.ca\/ca\/?p=25332"},"modified":"2025-08-13T14:24:15","modified_gmt":"2025-08-13T14:24:15","slug":"les-dommages-du-puceron-dans-le-soya","status":"publish","type":"post","link":"https:\/\/prograin.ca\/ca\/fr\/2024\/07\/08\/les-dommages-du-puceron-dans-le-soya\/","title":{"rendered":"Les dommages du puceron dans le soya"},"content":{"rendered":"\n<p>Le puceron du soya d\u2019origine asiatique a \u00e9t\u00e9 vu pour la premi\u00e8re fois en Am\u00e9rique du Nord dans l\u2019\u00c9tat du Wisconsin en 2000. En 2001, il fait officiellement son apparition au Qu\u00e9bec, apr\u00e8s quelques cas d\u2019infestations s\u00e9v\u00e8res d\u00e9clar\u00e9s en Ontario.<\/p>\n\n\n\n<p>Consid\u00e9r\u00e9 comme l\u2019un des <a href=\"https:\/\/prograin.ca\/ca\/fr\/2022\/07\/20\/la-chrysomele-du-haricot-et-le-soya\/\">principaux ravageurs<\/a> de la culture du soya, on le retrouve maintenant dans nos champs chaque saison ! Mais, qu\u2019en est-il des cons\u00e9quences de son passage pour les producteurs ? C\u2019est ce que nous allons voir dans ce nouvel article.<\/p>\n\n\n\n<h2>Les dommages&nbsp;<\/h2>\n\n\n\n<p>C\u2019est en per\u00e7ant et en su\u00e7ant la s\u00e8ve des plants que le puceron est responsable de causer plusieurs types de dommages. Parmi ceux-ci figurent&nbsp;: l\u2019enroulement des feuilles, une diminution de la croissance des plants, une <a href=\"https:\/\/prograin.ca\/ca\/fr\/2021\/08\/02\/senescence-en-cours-de-saison-a-quelle-maladie-a-t-on-affaire\/\">s\u00e9nescence<\/a> h\u00e2tive et une r\u00e9duction du nombre de grains et de gousses.<\/p>\n\n\n\n<p>Cet insecte est aussi vecteur de nombreux virus comme celui de mosa\u00efque du soya et de la mosa\u00efque de la luzerne. Ces virus affectent la qualit\u00e9 du grain et les d\u00e9classent au moment de la vente, ce qui par cons\u00e9quent am\u00e8ne de grandes pertes \u00e9conomiques pour le producteur.<\/p>\n\n\n\n<p>Ce n\u2019est pas tout, l\u2019accumulation du liquide (miellat) s\u00e9cr\u00e9t\u00e9 par le puceron entraine aussi la formation d\u2019un champignon du nom de fumagine. Les feuilles malades noircissent, r\u00e9duisant ainsi la photosynth\u00e8se, mais \u00e9galement la croissance des plants.<\/p>\n\n\n\n<h2>Perte de rendement<\/h2>\n\n\n\n<p>Des \u00e9tudes r\u00e9alis\u00e9es aux \u00c9tats-Unis \u00e0 l\u2019Universit\u00e9 du Minnesota permettent de faire une estimation des pertes de rendements du puceron dans le soya. Le tout est bas\u00e9 sur une nouvelle unit\u00e9 de mesure pour calculer l\u2019alimentation du puceron, la <strong>journ\u00e9e puceron.<\/strong><\/p>\n\n\n\n<p>Une journ\u00e9e puceron = 1 puceron qui s\u2019alimente sur un jour.<\/p>\n\n\n\n<p>10 journ\u00e9es puceron= 1 puceron qui s\u2019alimente pendant 10 jours ou bien 10 pucerons qui s\u2019alimentent pendant 1 journ\u00e9e.<\/p>\n\n\n\n<p><strong>Formule pour calculer votre % de rendement&nbsp;:<\/strong><\/p>\n\n\n\n<p>(journ\u00e9es pucerons x 0.0688\/10&nbsp;000)<\/p>\n\n\n\n<p>Pour calculer le rendement, on doit prendre en consid\u00e9ration que celui-ci est r\u00e9duit de 6,88&nbsp;% pour chaque tranche de 10&nbsp;000 jours d\u2019accumulation de pucerons. Ainsi, 500 pucerons par plant qui se nourrissent pendant 20 jours vont donc entrainer une perte de l\u2019ordre d\u2019environ 7&nbsp;%.<\/p>\n\n\n\n<p>Ces \u00e9tudes ont permis de comprendre que les pertes de rendements d\u00e9pendent des populations de pucerons, mais aussi de leur dur\u00e9e d\u2019exposition sur les plants. Par exemple, 5 jours (200 x 5) = 1000 (Journ\u00e9es pucerons), ce qui \u00e9quivaut \u00e0 une seule journ\u00e9e de 1000 pucerons\/plant.<\/p>\n\n\n\n<p>Bonne saison !<\/p>\n\n\n\n<p class=\"has-small-font-size\"><strong>Sources&nbsp;:<\/strong><\/p>\n\n\n\n<p class=\"has-small-font-size\">D. W. Ragsdale, B. P. McCornack, R. C. Venette, B. D. Potter, I. V. MacRae, E. W. Hodgson, M. E. O\u2019Neal, K. D. Johnson, R. J. O\u2019Neil, C. D. DiFonzo, T. E. Hunt, P. A. Glogoza, and E. M. Cullen Journal of Economic Entomology, 100(4):1258-1267. 2007. Published By: Entomological Society of America DOI: http:\/\/dx.doi.org\/10.1603\/0022-0493(2007)100[1258:ETFSAH]2.0.CO;2 URL: http:\/\/www.bioone.org\/doi\/ full\/10.1603\/0022-0493&nbsp;%282007&nbsp;%29100&nbsp;%5B1258&nbsp;%3AETFSAH%5D2.0.CO %3B2<\/p>\n","protected":false},"excerpt":{"rendered":"<p>Le puceron du soya d\u2019origine asiatique a \u00e9t\u00e9 vu pour la premi\u00e8re fois en Am\u00e9rique du Nord dans l\u2019\u00c9tat du Wisconsin en 2000. En 2001, il fait officiellement son apparition au Qu\u00e9bec, apr\u00e8s quelques cas d\u2019infestations s\u00e9v\u00e8res d\u00e9clar\u00e9s en Ontario. Consid\u00e9r\u00e9 comme l\u2019un des principaux ravageurs de la culture du soya, on le retrouve maintenant [&hellip;]<\/p>\n","protected":false},"author":10,"featured_media":25351,"comment_status":"closed","ping_status":"open","sticky":false,"template":"","format":"standard","meta":{"advgb_blocks_editor_width":"","advgb_blocks_columns_visual_guide":""},"categories":[272],"tags":[],"author_meta":{"display_name":"anouk","author_link":"https:\/\/prograin.ca\/ca\/author\/anouk\/"},"featured_img":"https:\/\/prograin.ca\/app\/uploads\/sites\/3\/2023\/03\/Sans-titre-1253-\u00d7-835-px-1-300x200.png","yoast_head":"<!-- This site is optimized with the Yoast SEO plugin v19.11 - https:\/\/yoast.com\/wordpress\/plugins\/seo\/ -->\n<title>Les dommages du puceron dans le soya - Prograin - Canada<\/title>\n<meta name=\"robots\" content=\"index, follow, max-snippet:-1, max-image-preview:large, max-video-preview:-1\" \/>\n<link rel=\"canonical\" href=\"https:\/\/prograin.ca\/ca\/fr\/2024\/07\/08\/les-dommages-du-puceron-dans-le-soya\/\" \/>\n<meta property=\"og:locale\" content=\"fr_CA\" \/>\n<meta property=\"og:type\" content=\"article\" \/>\n<meta property=\"og:title\" content=\"Les dommages du puceron dans le soya - Prograin - Canada\" \/>\n<meta property=\"og:description\" content=\"Le puceron du soya d\u2019origine asiatique a \u00e9t\u00e9 vu pour la premi\u00e8re fois en Am\u00e9rique du Nord dans l\u2019\u00c9tat du Wisconsin en 2000. En 2001, il fait officiellement son apparition au Qu\u00e9bec, apr\u00e8s quelques cas d\u2019infestations s\u00e9v\u00e8res d\u00e9clar\u00e9s en Ontario. Consid\u00e9r\u00e9 comme l\u2019un des principaux ravageurs de la culture du soya, on le retrouve maintenant [&hellip;]\" \/>\n<meta property=\"og:url\" content=\"https:\/\/prograin.ca\/ca\/fr\/2024\/07\/08\/les-dommages-du-puceron-dans-le-soya\/\" \/>\n<meta property=\"og:site_name\" content=\"Prograin - Canada\" \/>\n<meta property=\"article:published_time\" content=\"2024-07-08T13:51:12+00:00\" \/>\n<meta property=\"article:modified_time\" content=\"2025-08-13T14:24:15+00:00\" \/>\n<meta property=\"og:image\" content=\"https:\/\/prograin.ca\/app\/uploads\/sites\/3\/2023\/03\/Sans-titre-1253-\u00d7-835-px-1.png\" \/>\n\t<meta property=\"og:image:width\" content=\"1253\" \/>\n\t<meta property=\"og:image:height\" content=\"835\" \/>\n\t<meta property=\"og:image:type\" content=\"image\/png\" \/>\n<meta name=\"author\" content=\"anouk\" \/>\n<meta name=\"twitter:card\" content=\"summary_large_image\" \/>\n<meta name=\"twitter:label1\" content=\"\u00c9crit par\" \/>\n\t<meta name=\"twitter:data1\" content=\"anouk\" \/>\n\t<meta name=\"twitter:label2\" content=\"Estimation du temps de lecture\" \/>\n\t<meta name=\"twitter:data2\" content=\"3 minutes\" \/>\n<script type=\"application\/ld+json\" class=\"yoast-schema-graph\">{\"@context\":\"https:\/\/schema.org\",\"@graph\":[{\"@type\":\"Article\",\"@id\":\"https:\/\/prograin.ca\/ca\/fr\/2024\/07\/08\/les-dommages-du-puceron-dans-le-soya\/#article\",\"isPartOf\":{\"@id\":\"https:\/\/prograin.ca\/ca\/fr\/2024\/07\/08\/les-dommages-du-puceron-dans-le-soya\/\"},\"author\":{\"name\":\"anouk\",\"@id\":\"https:\/\/prograin.ca\/ca\/#\/schema\/person\/9918862eb1b8e1b71dfc1e6c7b54fee5\"},\"headline\":\"Les dommages du puceron dans le soya\",\"datePublished\":\"2024-07-08T13:51:12+00:00\",\"dateModified\":\"2025-08-13T14:24:15+00:00\",\"mainEntityOfPage\":{\"@id\":\"https:\/\/prograin.ca\/ca\/fr\/2024\/07\/08\/les-dommages-du-puceron-dans-le-soya\/\"},\"wordCount\":513,\"publisher\":{\"@id\":\"https:\/\/prograin.ca\/ca\/#organization\"},\"inLanguage\":\"fr-CA\"},{\"@type\":\"WebPage\",\"@id\":\"https:\/\/prograin.ca\/ca\/fr\/2024\/07\/08\/les-dommages-du-puceron-dans-le-soya\/\",\"url\":\"https:\/\/prograin.ca\/ca\/fr\/2024\/07\/08\/les-dommages-du-puceron-dans-le-soya\/\",\"name\":\"Les dommages du puceron dans le soya - Prograin - Canada\",\"isPartOf\":{\"@id\":\"https:\/\/prograin.ca\/ca\/#website\"},\"datePublished\":\"2024-07-08T13:51:12+00:00\",\"dateModified\":\"2025-08-13T14:24:15+00:00\",\"breadcrumb\":{\"@id\":\"https:\/\/prograin.ca\/ca\/fr\/2024\/07\/08\/les-dommages-du-puceron-dans-le-soya\/#breadcrumb\"},\"inLanguage\":\"fr-CA\",\"potentialAction\":[{\"@type\":\"ReadAction\",\"target\":[\"https:\/\/prograin.ca\/ca\/fr\/2024\/07\/08\/les-dommages-du-puceron-dans-le-soya\/\"]}]},{\"@type\":\"BreadcrumbList\",\"@id\":\"https:\/\/prograin.ca\/ca\/fr\/2024\/07\/08\/les-dommages-du-puceron-dans-le-soya\/#breadcrumb\",\"itemListElement\":[{\"@type\":\"ListItem\",\"position\":1,\"name\":\"Home\",\"item\":\"https:\/\/prograin.ca\/ca\/fr\/\"},{\"@type\":\"ListItem\",\"position\":2,\"name\":\"Les dommages du puceron dans le soya\"}]},{\"@type\":\"WebSite\",\"@id\":\"https:\/\/prograin.ca\/ca\/#website\",\"url\":\"https:\/\/prograin.ca\/ca\/\",\"name\":\"Prograin - Canada\",\"description\":\"Un site utilisant WordPress\",\"publisher\":{\"@id\":\"https:\/\/prograin.ca\/ca\/#organization\"},\"potentialAction\":[{\"@type\":\"SearchAction\",\"target\":{\"@type\":\"EntryPoint\",\"urlTemplate\":\"https:\/\/prograin.ca\/ca\/?s={search_term_string}\"},\"query-input\":\"required name=search_term_string\"}],\"inLanguage\":\"fr-CA\"},{\"@type\":\"Organization\",\"@id\":\"https:\/\/prograin.ca\/ca\/#organization\",\"name\":\"Prograin - Canada\",\"url\":\"https:\/\/prograin.ca\/ca\/\",\"logo\":{\"@type\":\"ImageObject\",\"inLanguage\":\"fr-CA\",\"@id\":\"https:\/\/prograin.ca\/ca\/#\/schema\/logo\/image\/\",\"url\":\"https:\/\/prograin.ca\/app\/uploads\/sites\/3\/2018\/11\/Prograin-logo-1.png\",\"contentUrl\":\"https:\/\/prograin.ca\/app\/uploads\/sites\/3\/2018\/11\/Prograin-logo-1.png\",\"width\":352,\"height\":85,\"caption\":\"Prograin - Canada\"},\"image\":{\"@id\":\"https:\/\/prograin.ca\/ca\/#\/schema\/logo\/image\/\"}},{\"@type\":\"Person\",\"@id\":\"https:\/\/prograin.ca\/ca\/#\/schema\/person\/9918862eb1b8e1b71dfc1e6c7b54fee5\",\"name\":\"anouk\",\"image\":{\"@type\":\"ImageObject\",\"inLanguage\":\"fr-CA\",\"@id\":\"https:\/\/prograin.ca\/ca\/#\/schema\/person\/image\/\",\"url\":\"https:\/\/secure.gravatar.com\/avatar\/39180b124b3d327b636aa2c6b5c1474b?s=96&d=mm&r=g\",\"contentUrl\":\"https:\/\/secure.gravatar.com\/avatar\/39180b124b3d327b636aa2c6b5c1474b?s=96&d=mm&r=g\",\"caption\":\"anouk\"},\"url\":\"https:\/\/prograin.ca\/ca\/author\/anouk\/\"}]}<\/script>\n<!-- \/ Yoast SEO plugin. -->","yoast_head_json":{"title":"Les dommages du puceron dans le soya - Prograin - Canada","robots":{"index":"index","follow":"follow","max-snippet":"max-snippet:-1","max-image-preview":"max-image-preview:large","max-video-preview":"max-video-preview:-1"},"canonical":"https:\/\/prograin.ca\/ca\/fr\/2024\/07\/08\/les-dommages-du-puceron-dans-le-soya\/","og_locale":"fr_CA","og_type":"article","og_title":"Les dommages du puceron dans le soya - Prograin - Canada","og_description":"Le puceron du soya d\u2019origine asiatique a \u00e9t\u00e9 vu pour la premi\u00e8re fois en Am\u00e9rique du Nord dans l\u2019\u00c9tat du Wisconsin en 2000. En 2001, il fait officiellement son apparition au Qu\u00e9bec, apr\u00e8s quelques cas d\u2019infestations s\u00e9v\u00e8res d\u00e9clar\u00e9s en Ontario. Consid\u00e9r\u00e9 comme l\u2019un des principaux ravageurs de la culture du soya, on le retrouve maintenant [&hellip;]","og_url":"https:\/\/prograin.ca\/ca\/fr\/2024\/07\/08\/les-dommages-du-puceron-dans-le-soya\/","og_site_name":"Prograin - Canada","article_published_time":"2024-07-08T13:51:12+00:00","article_modified_time":"2025-08-13T14:24:15+00:00","og_image":[{"width":1253,"height":835,"url":"https:\/\/prograin.ca\/app\/uploads\/sites\/3\/2023\/03\/Sans-titre-1253-\u00d7-835-px-1.png","type":"image\/png"}],"author":"anouk","twitter_card":"summary_large_image","twitter_misc":{"\u00c9crit par":"anouk","Estimation du temps de lecture":"3 minutes"},"schema":{"@context":"https:\/\/schema.org","@graph":[{"@type":"Article","@id":"https:\/\/prograin.ca\/ca\/fr\/2024\/07\/08\/les-dommages-du-puceron-dans-le-soya\/#article","isPartOf":{"@id":"https:\/\/prograin.ca\/ca\/fr\/2024\/07\/08\/les-dommages-du-puceron-dans-le-soya\/"},"author":{"name":"anouk","@id":"https:\/\/prograin.ca\/ca\/#\/schema\/person\/9918862eb1b8e1b71dfc1e6c7b54fee5"},"headline":"Les dommages du puceron dans le soya","datePublished":"2024-07-08T13:51:12+00:00","dateModified":"2025-08-13T14:24:15+00:00","mainEntityOfPage":{"@id":"https:\/\/prograin.ca\/ca\/fr\/2024\/07\/08\/les-dommages-du-puceron-dans-le-soya\/"},"wordCount":513,"publisher":{"@id":"https:\/\/prograin.ca\/ca\/#organization"},"inLanguage":"fr-CA"},{"@type":"WebPage","@id":"https:\/\/prograin.ca\/ca\/fr\/2024\/07\/08\/les-dommages-du-puceron-dans-le-soya\/","url":"https:\/\/prograin.ca\/ca\/fr\/2024\/07\/08\/les-dommages-du-puceron-dans-le-soya\/","name":"Les dommages du puceron dans le soya - Prograin - Canada","isPartOf":{"@id":"https:\/\/prograin.ca\/ca\/#website"},"datePublished":"2024-07-08T13:51:12+00:00","dateModified":"2025-08-13T14:24:15+00:00","breadcrumb":{"@id":"https:\/\/prograin.ca\/ca\/fr\/2024\/07\/08\/les-dommages-du-puceron-dans-le-soya\/#breadcrumb"},"inLanguage":"fr-CA","potentialAction":[{"@type":"ReadAction","target":["https:\/\/prograin.ca\/ca\/fr\/2024\/07\/08\/les-dommages-du-puceron-dans-le-soya\/"]}]},{"@type":"BreadcrumbList","@id":"https:\/\/prograin.ca\/ca\/fr\/2024\/07\/08\/les-dommages-du-puceron-dans-le-soya\/#breadcrumb","itemListElement":[{"@type":"ListItem","position":1,"name":"Home","item":"https:\/\/prograin.ca\/ca\/fr\/"},{"@type":"ListItem","position":2,"name":"Les dommages du puceron dans le soya"}]},{"@type":"WebSite","@id":"https:\/\/prograin.ca\/ca\/#website","url":"https:\/\/prograin.ca\/ca\/","name":"Prograin - Canada","description":"Un site utilisant WordPress","publisher":{"@id":"https:\/\/prograin.ca\/ca\/#organization"},"potentialAction":[{"@type":"SearchAction","target":{"@type":"EntryPoint","urlTemplate":"https:\/\/prograin.ca\/ca\/?s={search_term_string}"},"query-input":"required name=search_term_string"}],"inLanguage":"fr-CA"},{"@type":"Organization","@id":"https:\/\/prograin.ca\/ca\/#organization","name":"Prograin - Canada","url":"https:\/\/prograin.ca\/ca\/","logo":{"@type":"ImageObject","inLanguage":"fr-CA","@id":"https:\/\/prograin.ca\/ca\/#\/schema\/logo\/image\/","url":"https:\/\/prograin.ca\/app\/uploads\/sites\/3\/2018\/11\/Prograin-logo-1.png","contentUrl":"https:\/\/prograin.ca\/app\/uploads\/sites\/3\/2018\/11\/Prograin-logo-1.png","width":352,"height":85,"caption":"Prograin - Canada"},"image":{"@id":"https:\/\/prograin.ca\/ca\/#\/schema\/logo\/image\/"}},{"@type":"Person","@id":"https:\/\/prograin.ca\/ca\/#\/schema\/person\/9918862eb1b8e1b71dfc1e6c7b54fee5","name":"anouk","image":{"@type":"ImageObject","inLanguage":"fr-CA","@id":"https:\/\/prograin.ca\/ca\/#\/schema\/person\/image\/","url":"https:\/\/secure.gravatar.com\/avatar\/39180b124b3d327b636aa2c6b5c1474b?s=96&d=mm&r=g","contentUrl":"https:\/\/secure.gravatar.com\/avatar\/39180b124b3d327b636aa2c6b5c1474b?s=96&d=mm&r=g","caption":"anouk"},"url":"https:\/\/prograin.ca\/ca\/author\/anouk\/"}]}},"featured_image_urls":{"full":["https:\/\/prograin.ca\/app\/uploads\/sites\/3\/2023\/03\/Sans-titre-1253-\u00d7-835-px-1.png",1253,835,false],"thumbnail":["https:\/\/prograin.ca\/app\/uploads\/sites\/3\/2023\/03\/Sans-titre-1253-\u00d7-835-px-1-150x150.png",150,150,true],"medium":["https:\/\/prograin.ca\/app\/uploads\/sites\/3\/2023\/03\/Sans-titre-1253-\u00d7-835-px-1-300x200.png",300,200,true],"medium_large":["https:\/\/prograin.ca\/app\/uploads\/sites\/3\/2023\/03\/Sans-titre-1253-\u00d7-835-px-1-768x512.png",768,512,true],"large":["https:\/\/prograin.ca\/app\/uploads\/sites\/3\/2023\/03\/Sans-titre-1253-\u00d7-835-px-1.png",1253,835,false],"1536x1536":["https:\/\/prograin.ca\/app\/uploads\/sites\/3\/2023\/03\/Sans-titre-1253-\u00d7-835-px-1.png",1253,835,false],"2048x2048":["https:\/\/prograin.ca\/app\/uploads\/sites\/3\/2023\/03\/Sans-titre-1253-\u00d7-835-px-1.png",1253,835,false],"menu-24x24":["https:\/\/prograin.ca\/app\/uploads\/sites\/3\/2023\/03\/Sans-titre-1253-\u00d7-835-px-1-24x16.png",24,16,true],"menu-36x36":["https:\/\/prograin.ca\/app\/uploads\/sites\/3\/2023\/03\/Sans-titre-1253-\u00d7-835-px-1-36x24.png",36,24,true],"menu-48x48":["https:\/\/prograin.ca\/app\/uploads\/sites\/3\/2023\/03\/Sans-titre-1253-\u00d7-835-px-1-48x32.png",48,32,true]},"post_excerpt_stackable":"<p>Le puceron du soya d\u2019origine asiatique a \u00e9t\u00e9 vu pour la premi\u00e8re fois en Am\u00e9rique du Nord dans l\u2019\u00c9tat du Wisconsin en 2000. En 2001, il fait officiellement son apparition au Qu\u00e9bec, apr\u00e8s quelques cas d\u2019infestations s\u00e9v\u00e8res d\u00e9clar\u00e9s en Ontario. Consid\u00e9r\u00e9 comme l\u2019un des principaux ravageurs de la culture du soya, on le retrouve maintenant dans nos champs chaque saison ! Mais, qu\u2019en est-il des cons\u00e9quences de son passage pour les producteurs ? C\u2019est ce que nous allons voir dans ce nouvel article. Les dommages&nbsp; C\u2019est en per\u00e7ant et en su\u00e7ant la s\u00e8ve des plants que le puceron est responsable&hellip;<\/p>\n","category_list":"<a href=\"https:\/\/prograin.ca\/ca\/fr\/category\/non-classe-fr\/\" rel=\"category tag\">Non class\u00e9<\/a>","author_info":{"name":"anouk","url":"https:\/\/prograin.ca\/ca\/author\/anouk\/"},"comments_num":"0 comments","featured_image_urls_v2":{"full":["https:\/\/prograin.ca\/app\/uploads\/sites\/3\/2023\/03\/Sans-titre-1253-\u00d7-835-px-1.png",1253,835,false],"thumbnail":["https:\/\/prograin.ca\/app\/uploads\/sites\/3\/2023\/03\/Sans-titre-1253-\u00d7-835-px-1-150x150.png",150,150,true],"medium":["https:\/\/prograin.ca\/app\/uploads\/sites\/3\/2023\/03\/Sans-titre-1253-\u00d7-835-px-1-300x200.png",300,200,true],"medium_large":["https:\/\/prograin.ca\/app\/uploads\/sites\/3\/2023\/03\/Sans-titre-1253-\u00d7-835-px-1-768x512.png",768,512,true],"large":["https:\/\/prograin.ca\/app\/uploads\/sites\/3\/2023\/03\/Sans-titre-1253-\u00d7-835-px-1.png",1253,835,false],"1536x1536":["https:\/\/prograin.ca\/app\/uploads\/sites\/3\/2023\/03\/Sans-titre-1253-\u00d7-835-px-1.png",1253,835,false],"2048x2048":["https:\/\/prograin.ca\/app\/uploads\/sites\/3\/2023\/03\/Sans-titre-1253-\u00d7-835-px-1.png",1253,835,false],"menu-24x24":["https:\/\/prograin.ca\/app\/uploads\/sites\/3\/2023\/03\/Sans-titre-1253-\u00d7-835-px-1-24x16.png",24,16,true],"menu-36x36":["https:\/\/prograin.ca\/app\/uploads\/sites\/3\/2023\/03\/Sans-titre-1253-\u00d7-835-px-1-36x24.png",36,24,true],"menu-48x48":["https:\/\/prograin.ca\/app\/uploads\/sites\/3\/2023\/03\/Sans-titre-1253-\u00d7-835-px-1-48x32.png",48,32,true]},"post_excerpt_stackable_v2":"<p>Le puceron du soya d\u2019origine asiatique a \u00e9t\u00e9 vu pour la premi\u00e8re fois en Am\u00e9rique du Nord dans l\u2019\u00c9tat du Wisconsin en 2000. En 2001, il fait officiellement son apparition au Qu\u00e9bec, apr\u00e8s quelques cas d\u2019infestations s\u00e9v\u00e8res d\u00e9clar\u00e9s en Ontario. Consid\u00e9r\u00e9 comme l\u2019un des principaux ravageurs de la culture du soya, on le retrouve maintenant dans nos champs chaque saison ! Mais, qu\u2019en est-il des cons\u00e9quences de son passage pour les producteurs ? C\u2019est ce que nous allons voir dans ce nouvel article. Les dommages&nbsp; C\u2019est en per\u00e7ant et en su\u00e7ant la s\u00e8ve des plants que le puceron est responsable&hellip;<\/p>\n","category_list_v2":"<a href=\"https:\/\/prograin.ca\/ca\/fr\/category\/non-classe-fr\/\" rel=\"category tag\">Non class\u00e9<\/a>","author_info_v2":{"name":"anouk","url":"https:\/\/prograin.ca\/ca\/author\/anouk\/"},"comments_num_v2":"0 comments","coauthors":[],"tax_additional":{"categories":{"linked":["<a href=\"https:\/\/prograin.ca\/ca\/fr\/category\/non-classe-fr\/\" class=\"advgb-post-tax-term\">Non class\u00e9<\/a>"],"unlinked":["<span class=\"advgb-post-tax-term\">Non class\u00e9<\/span>"]}},"comment_count":"0","relative_dates":{"created":"Posted 2 ann\u00e9es ago","modified":"Updated 9 mois ago"},"absolute_dates":{"created":"Posted on 8 juillet 2024","modified":"Updated on 13 ao\u00fbt 2025"},"absolute_dates_time":{"created":"Posted on 8 juillet 2024 13 h 51 min","modified":"Updated on 13 ao\u00fbt 2025 14 h 24 min"},"featured_img_caption":"","series_order":"","_links":{"self":[{"href":"https:\/\/prograin.ca\/ca\/wp-json\/wp\/v2\/posts\/25332"}],"collection":[{"href":"https:\/\/prograin.ca\/ca\/wp-json\/wp\/v2\/posts"}],"about":[{"href":"https:\/\/prograin.ca\/ca\/wp-json\/wp\/v2\/types\/post"}],"author":[{"embeddable":true,"href":"https:\/\/prograin.ca\/ca\/wp-json\/wp\/v2\/users\/10"}],"replies":[{"embeddable":true,"href":"https:\/\/prograin.ca\/ca\/wp-json\/wp\/v2\/comments?post=25332"}],"version-history":[{"count":30,"href":"https:\/\/prograin.ca\/ca\/wp-json\/wp\/v2\/posts\/25332\/revisions"}],"predecessor-version":[{"id":27677,"href":"https:\/\/prograin.ca\/ca\/wp-json\/wp\/v2\/posts\/25332\/revisions\/27677"}],"wp:featuredmedia":[{"embeddable":true,"href":"https:\/\/prograin.ca\/ca\/wp-json\/wp\/v2\/media\/25351"}],"wp:attachment":[{"href":"https:\/\/prograin.ca\/ca\/wp-json\/wp\/v2\/media?parent=25332"}],"wp:term":[{"taxonomy":"category","embeddable":true,"href":"https:\/\/prograin.ca\/ca\/wp-json\/wp\/v2\/categories?post=25332"},{"taxonomy":"post_tag","embeddable":true,"href":"https:\/\/prograin.ca\/ca\/wp-json\/wp\/v2\/tags?post=25332"}],"curies":[{"name":"wp","href":"https:\/\/api.w.org\/{rel}","templated":true}]}}